{"id":54401,"date":"2018-10-01T19:03:00","date_gmt":"2018-10-01T18:03:00","guid":{"rendered":"https:\/\/www.primorski-tp.si\/sio-ptp-2016-17-evropski-sklad-za-regionalni-razvoj\/"},"modified":"2021-03-25T10:13:23","modified_gmt":"2021-03-25T09:13:23","slug":"sio-ptp-2016-17-evropski-sklad-za-regionalni-razvoj","status":"publish","type":"post","link":"https:\/\/www.primorski-tp.si\/en\/sio-ptp-2016-17-evropski-sklad-za-regionalni-razvoj\/","title":{"rendered":"SIO- PTP &#8211; 2016-17 (European Regional Development Fund)"},"content":{"rendered":"<p><strong>Funding:<\/strong> The public call is co-financed by the OPERATIONAL PROGRAM FOR THE EUROPEAN COOPERATION POLICY IN THE PERIOD 2014 &#8211; 2020<\/p>\n<p><strong>Project type<\/strong>: Priority axis: 3: Dynamic and competitive entrepreneurship for green economic growth, Priority investment: 3.1: Promoting entrepreneurship, in particular by facilitating the economic exploitation of new ideas and encouraging the creation of new businesses, including business incubators, Specific objective 1: Promoting the creation and operation of businesses, in particular start-ups.<\/p>\n<p><strong>Project budget<\/strong>: 196,000 EUR<\/p>\n<p><strong>Project duration:<\/strong> 27.11.2016 &#8211; 31.12.2017<\/p>\n<p><strong>Project Description<\/strong>:The purpose of implementing the program is to create an innovative environment (hereinafter SIO) through the themes of standardized, geographically and programmatically balanced support for the creation, development and growth of innovative businesses with the potential for rapid growth. The goal of the program is to support the creation, growth, and development of innovative companies with the potential for rapid growth. We want to increase their innovative activity, international competitiveness and internationalization<\/p>\n<p>\u00a0<\/p>\n<p><strong>Project website<\/strong>: https:\/\/www.spiritslovenia.si\/<\/p>\n<p>\u00a0<\/p>\n\n\n<\/p>\n<p>&nbsp;<\/p>\n<p><strong>SIO- PTP &#8211; 2016-17 (European Regional Development Fund)<\/strong><\/p>\n<p><strong>Funding:<\/strong> The public call is co-financed by the OPERATIONAL PROGRAM FOR THE EUROPEAN COOPERATION POLICY IN THE PERIOD 2014 &#8211; 2020<\/p>\n<p><strong>Project type<\/strong>: Priority axis: 3: Dynamic and competitive entrepreneurship for green economic growth, Priority investment: 3.1: Promoting entrepreneurship, in particular by facilitating the economic exploitation of new ideas and encouraging the creation of new businesses, including business incubators, Specific objective 1: Promoting the creation and operation of businesses, in particular start-ups.<\/p>\n<p><strong>Project budget<\/strong>: 196,000 EUR<\/p>\n<p><strong>Project duration:<\/strong> 27.11.2016 &#8211; 31.12.2017<\/p>\n<p><strong>Project Description<\/strong>:The purpose of implementing the program is to create an innovative environment (hereinafter SIO) through the themes of standardized, geographically and programmatically balanced support for the creation, development and growth of innovative businesses with the potential for rapid growth. The goal of the program is to support the creation, growth, and development of innovative companies with the potential for rapid growth. We want to increase their innovative activity, international competitiveness and internationalization<\/p>\n<p>&nbsp;<\/p>\n<p><strong>Project website<\/strong>: https:\/\/www.spiritslovenia.si\/<\/p>\n<p>&nbsp;<\/p>\n<p>\n\n\n<p>\u00a0<\/p>\n<p>[\/et_pb_text][\/et_pb_column][\/et_pb_row][\/et_pb_section]<\/p>","protected":false},"excerpt":{"rendered":"<p>Funding: The public call is co-financed by the OPERATIONAL PROGRAM FOR THE EUROPEAN COOPERATION POLICY IN THE PERIOD 2014 &#8211; 2020 Project type: Priority axis: 3: Dynamic and competitive entrepreneurship [&hellip;]<\/p>\n","protected":false},"author":7,"featured_media":53319,"comment_status":"closed","ping_status":"closed","sticky":false,"template":"","format":"standard","meta":{"_acf_changed":false,"_et_pb_use_builder":"off","_et_pb_old_content":"<!-- wp:paragraph -->\n<p><strong>Financiranje: <\/strong>Javni razpis je sofinanciran iz OPERATIVNEGA PROGRAMA ZA IZVAJANJE EVROPSKE KOHEZIJSKE POLITIKE&nbsp; V OBODOBJU 2014 \u2013 2020<\/p>\n<!-- \/wp:paragraph -->\n\n<!-- wp:paragraph -->\n<p><strong>Tip projekta:<\/strong> Prednostna os: 3 Dinami\u010dno in konkuren\u010dno podjetni\u0161tvo za zeleno gospodarsko rast, Prednostna nalo\u017eba: 3.1: Spodbujanje podjetni\u0161tva, zlasti z omogo\u010danjem la\u017eje gospodarske izrabe novih idej in spodbujanjem ustanavljanja novih podjetij, vklju\u010dno s podjetni\u0161kimi inkubatorji, Specifi\u010dni cilj 1: Spodbujanje nastajanja in delovanja podjetij, predvsem zagonskih (start-up) podjetij.<\/p>\n<!-- \/wp:paragraph -->\n\n<!-- wp:paragraph -->\n<p><strong>Prora\u010dun projekta: <\/strong><strong>196.000 EUR<\/strong><\/p>\n<!-- \/wp:paragraph -->\n\n<!-- wp:paragraph -->\n<p><strong>Trajanje projekta: 27.11.2016 - 31.12.2017<\/strong><\/p>\n<!-- \/wp:paragraph -->\n\n<!-- wp:paragraph -->\n<p><strong>Opis projekta:<\/strong> Namen izvajanja programa je preko subjektov inovativnega okolja (v nadaljevanju: SIO) vzpostaviti<\/p>\n<!-- \/wp:paragraph -->\n\n<!-- wp:paragraph -->\n<p>standardizirano, geografsko in programsko uravnote\u017eeno podporo zagonu, razvoju in rasti inovativnih podjetij<\/p>\n<!-- \/wp:paragraph -->\n\n<!-- wp:paragraph -->\n<p>s potencialom hitre rasti. Cilj programa je spodbuditi zagon, rast in razvoj inovativnih podjetij s potencialom<\/p>\n<!-- \/wp:paragraph -->\n\n<!-- wp:paragraph -->\n<p>hitre rasti. Pove\u010dati \u017eelimo njihovo inovacijsko aktivnost, mednarodno konkuren\u010dnost in internacionalizacijo<\/p>\n<!-- \/wp:paragraph -->\n\n<!-- wp:paragraph -->\n<p><strong>Spletna stran projekta:&nbsp;<\/strong> <a href=\"https:\/\/www.spiritslovenia.si\/\">https:\/\/www.spiritslovenia.si\/<\/a><\/p>\n<!-- \/wp:paragraph -->","_et_gb_content_width":"","footnotes":""},"categories":[72],"tags":[],"class_list":["post-54401","post","type-post","status-publish","format-standard","has-post-thumbnail","hentry","category-evropski-projekti-en"],"acf":[],"yoast_head":"<!-- This site is optimized with the Yoast SEO plugin v24.7 - https:\/\/yoast.com\/wordpress\/plugins\/seo\/ -->\n<title>SIO- PTP - 2016-17 (European Regional Development Fund) - Primorski tehnolo\u0161ki park<\/title>\n<meta name=\"robots\" content=\"index, follow, max-snippet:-1, max-image-preview:large, max-video-preview:-1\" \/>\n<link rel=\"canonical\" href=\"https:\/\/www.primorski-tp.si\/en\/sio-ptp-2016-17-evropski-sklad-za-regionalni-razvoj\/\" \/>\n<meta property=\"og:locale\" content=\"en_US\" \/>\n<meta property=\"og:type\" content=\"article\" \/>\n<meta property=\"og:title\" content=\"SIO- PTP - 2016-17 (European Regional Development Fund) - Primorski tehnolo\u0161ki park\" \/>\n<meta property=\"og:description\" content=\"Funding: The public call is co-financed by the OPERATIONAL PROGRAM FOR THE EUROPEAN COOPERATION POLICY IN THE PERIOD 2014 &#8211; 2020 Project type: Priority axis: 3: Dynamic and competitive entrepreneurship [&hellip;]\" \/>\n<meta property=\"og:url\" content=\"https:\/\/www.primorski-tp.si\/en\/sio-ptp-2016-17-evropski-sklad-za-regionalni-razvoj\/\" \/>\n<meta property=\"og:site_name\" content=\"Primorski tehnolo\u0161ki park\" \/>\n<meta property=\"article:publisher\" content=\"https:\/\/www.facebook.com\/PrimorskiTehnoloskiPark\/\" \/>\n<meta property=\"article:published_time\" content=\"2018-10-01T18:03:00+00:00\" \/>\n<meta property=\"article:modified_time\" content=\"2021-03-25T09:13:23+00:00\" \/>\n<meta property=\"og:image\" content=\"https:\/\/www.primorski-tp.si\/wp-content\/uploads\/2020\/10\/SIO-PLAKAT-ZA-ZOOM.jpg\" \/>\n\t<meta property=\"og:image:width\" content=\"1293\" \/>\n\t<meta property=\"og:image:height\" content=\"807\" \/>\n\t<meta property=\"og:image:type\" content=\"image\/jpeg\" \/>\n<meta name=\"author\" content=\"Marjana Sim\u010di\u010d\" \/>\n<meta name=\"twitter:card\" content=\"summary_large_image\" \/>\n<meta name=\"twitter:label1\" content=\"Written by\" \/>\n\t<meta name=\"twitter:data1\" content=\"Marjana Sim\u010di\u010d\" \/>\n\t<meta name=\"twitter:label2\" content=\"Est. reading time\" \/>\n\t<meta name=\"twitter:data2\" content=\"2 minutes\" \/>\n<script type=\"application\/ld+json\" class=\"yoast-schema-graph\">{\"@context\":\"https:\/\/schema.org\",\"@graph\":[{\"@type\":\"WebPage\",\"@id\":\"https:\/\/www.primorski-tp.si\/en\/sio-ptp-2016-17-evropski-sklad-za-regionalni-razvoj\/\",\"url\":\"https:\/\/www.primorski-tp.si\/en\/sio-ptp-2016-17-evropski-sklad-za-regionalni-razvoj\/\",\"name\":\"SIO- PTP - 2016-17 (European Regional Development Fund) - Primorski tehnolo\u0161ki park\",\"isPartOf\":{\"@id\":\"https:\/\/www.primorski-tp.si\/en\/#website\"},\"primaryImageOfPage\":{\"@id\":\"https:\/\/www.primorski-tp.si\/en\/sio-ptp-2016-17-evropski-sklad-za-regionalni-razvoj\/#primaryimage\"},\"image\":{\"@id\":\"https:\/\/www.primorski-tp.si\/en\/sio-ptp-2016-17-evropski-sklad-za-regionalni-razvoj\/#primaryimage\"},\"thumbnailUrl\":\"https:\/\/www.primorski-tp.si\/wp-content\/uploads\/2020\/10\/SIO-PLAKAT-ZA-ZOOM.jpg\",\"datePublished\":\"2018-10-01T18:03:00+00:00\",\"dateModified\":\"2021-03-25T09:13:23+00:00\",\"author\":{\"@id\":\"https:\/\/www.primorski-tp.si\/en\/#\/schema\/person\/e685fc5c6d53bae43d65afa1a4d8d92c\"},\"breadcrumb\":{\"@id\":\"https:\/\/www.primorski-tp.si\/en\/sio-ptp-2016-17-evropski-sklad-za-regionalni-razvoj\/#breadcrumb\"},\"inLanguage\":\"en-US\",\"potentialAction\":[{\"@type\":\"ReadAction\",\"target\":[\"https:\/\/www.primorski-tp.si\/en\/sio-ptp-2016-17-evropski-sklad-za-regionalni-razvoj\/\"]}]},{\"@type\":\"ImageObject\",\"inLanguage\":\"en-US\",\"@id\":\"https:\/\/www.primorski-tp.si\/en\/sio-ptp-2016-17-evropski-sklad-za-regionalni-razvoj\/#primaryimage\",\"url\":\"https:\/\/www.primorski-tp.si\/wp-content\/uploads\/2020\/10\/SIO-PLAKAT-ZA-ZOOM.jpg\",\"contentUrl\":\"https:\/\/www.primorski-tp.si\/wp-content\/uploads\/2020\/10\/SIO-PLAKAT-ZA-ZOOM.jpg\",\"width\":1293,\"height\":807},{\"@type\":\"BreadcrumbList\",\"@id\":\"https:\/\/www.primorski-tp.si\/en\/sio-ptp-2016-17-evropski-sklad-za-regionalni-razvoj\/#breadcrumb\",\"itemListElement\":[{\"@type\":\"ListItem\",\"position\":1,\"name\":\"Home\",\"item\":\"https:\/\/www.primorski-tp.si\/en\/\"},{\"@type\":\"ListItem\",\"position\":2,\"name\":\"SIO- PTP &#8211; 2016-17 (European Regional Development Fund)\"}]},{\"@type\":\"WebSite\",\"@id\":\"https:\/\/www.primorski-tp.si\/en\/#website\",\"url\":\"https:\/\/www.primorski-tp.si\/en\/\",\"name\":\"Primorski tehnolo\u0161ki park\",\"description\":\"Podjetjem omogo\u010damo rast in razvoj\",\"potentialAction\":[{\"@type\":\"SearchAction\",\"target\":{\"@type\":\"EntryPoint\",\"urlTemplate\":\"https:\/\/www.primorski-tp.si\/en\/?s={search_term_string}\"},\"query-input\":{\"@type\":\"PropertyValueSpecification\",\"valueRequired\":true,\"valueName\":\"search_term_string\"}}],\"inLanguage\":\"en-US\"},{\"@type\":\"Person\",\"@id\":\"https:\/\/www.primorski-tp.si\/en\/#\/schema\/person\/e685fc5c6d53bae43d65afa1a4d8d92c\",\"name\":\"Marjana Sim\u010di\u010d\",\"image\":{\"@type\":\"ImageObject\",\"inLanguage\":\"en-US\",\"@id\":\"https:\/\/www.primorski-tp.si\/en\/#\/schema\/person\/image\/\",\"url\":\"https:\/\/secure.gravatar.com\/avatar\/3e48350d120a96cee4fd36a9be720b78?s=96&d=mm&r=g\",\"contentUrl\":\"https:\/\/secure.gravatar.com\/avatar\/3e48350d120a96cee4fd36a9be720b78?s=96&d=mm&r=g\",\"caption\":\"Marjana Sim\u010di\u010d\"},\"url\":\"https:\/\/www.primorski-tp.si\/en\/author\/marjana-simcic\/\"}]}<\/script>\n<!-- \/ Yoast SEO plugin. -->","yoast_head_json":{"title":"SIO- PTP - 2016-17 (European Regional Development Fund) - Primorski tehnolo\u0161ki park","robots":{"index":"index","follow":"follow","max-snippet":"max-snippet:-1","max-image-preview":"max-image-preview:large","max-video-preview":"max-video-preview:-1"},"canonical":"https:\/\/www.primorski-tp.si\/en\/sio-ptp-2016-17-evropski-sklad-za-regionalni-razvoj\/","og_locale":"en_US","og_type":"article","og_title":"SIO- PTP - 2016-17 (European Regional Development Fund) - Primorski tehnolo\u0161ki park","og_description":"Funding: The public call is co-financed by the OPERATIONAL PROGRAM FOR THE EUROPEAN COOPERATION POLICY IN THE PERIOD 2014 &#8211; 2020 Project type: Priority axis: 3: Dynamic and competitive entrepreneurship [&hellip;]","og_url":"https:\/\/www.primorski-tp.si\/en\/sio-ptp-2016-17-evropski-sklad-za-regionalni-razvoj\/","og_site_name":"Primorski tehnolo\u0161ki park","article_publisher":"https:\/\/www.facebook.com\/PrimorskiTehnoloskiPark\/","article_published_time":"2018-10-01T18:03:00+00:00","article_modified_time":"2021-03-25T09:13:23+00:00","og_image":[{"width":1293,"height":807,"url":"https:\/\/www.primorski-tp.si\/wp-content\/uploads\/2020\/10\/SIO-PLAKAT-ZA-ZOOM.jpg","type":"image\/jpeg"}],"author":"Marjana Sim\u010di\u010d","twitter_card":"summary_large_image","twitter_misc":{"Written by":"Marjana Sim\u010di\u010d","Est. reading time":"2 minutes"},"schema":{"@context":"https:\/\/schema.org","@graph":[{"@type":"WebPage","@id":"https:\/\/www.primorski-tp.si\/en\/sio-ptp-2016-17-evropski-sklad-za-regionalni-razvoj\/","url":"https:\/\/www.primorski-tp.si\/en\/sio-ptp-2016-17-evropski-sklad-za-regionalni-razvoj\/","name":"SIO- PTP - 2016-17 (European Regional Development Fund) - Primorski tehnolo\u0161ki park","isPartOf":{"@id":"https:\/\/www.primorski-tp.si\/en\/#website"},"primaryImageOfPage":{"@id":"https:\/\/www.primorski-tp.si\/en\/sio-ptp-2016-17-evropski-sklad-za-regionalni-razvoj\/#primaryimage"},"image":{"@id":"https:\/\/www.primorski-tp.si\/en\/sio-ptp-2016-17-evropski-sklad-za-regionalni-razvoj\/#primaryimage"},"thumbnailUrl":"https:\/\/www.primorski-tp.si\/wp-content\/uploads\/2020\/10\/SIO-PLAKAT-ZA-ZOOM.jpg","datePublished":"2018-10-01T18:03:00+00:00","dateModified":"2021-03-25T09:13:23+00:00","author":{"@id":"https:\/\/www.primorski-tp.si\/en\/#\/schema\/person\/e685fc5c6d53bae43d65afa1a4d8d92c"},"breadcrumb":{"@id":"https:\/\/www.primorski-tp.si\/en\/sio-ptp-2016-17-evropski-sklad-za-regionalni-razvoj\/#breadcrumb"},"inLanguage":"en-US","potentialAction":[{"@type":"ReadAction","target":["https:\/\/www.primorski-tp.si\/en\/sio-ptp-2016-17-evropski-sklad-za-regionalni-razvoj\/"]}]},{"@type":"ImageObject","inLanguage":"en-US","@id":"https:\/\/www.primorski-tp.si\/en\/sio-ptp-2016-17-evropski-sklad-za-regionalni-razvoj\/#primaryimage","url":"https:\/\/www.primorski-tp.si\/wp-content\/uploads\/2020\/10\/SIO-PLAKAT-ZA-ZOOM.jpg","contentUrl":"https:\/\/www.primorski-tp.si\/wp-content\/uploads\/2020\/10\/SIO-PLAKAT-ZA-ZOOM.jpg","width":1293,"height":807},{"@type":"BreadcrumbList","@id":"https:\/\/www.primorski-tp.si\/en\/sio-ptp-2016-17-evropski-sklad-za-regionalni-razvoj\/#breadcrumb","itemListElement":[{"@type":"ListItem","position":1,"name":"Home","item":"https:\/\/www.primorski-tp.si\/en\/"},{"@type":"ListItem","position":2,"name":"SIO- PTP &#8211; 2016-17 (European Regional Development Fund)"}]},{"@type":"WebSite","@id":"https:\/\/www.primorski-tp.si\/en\/#website","url":"https:\/\/www.primorski-tp.si\/en\/","name":"Primorski tehnolo\u0161ki park","description":"Podjetjem omogo\u010damo rast in razvoj","potentialAction":[{"@type":"SearchAction","target":{"@type":"EntryPoint","urlTemplate":"https:\/\/www.primorski-tp.si\/en\/?s={search_term_string}"},"query-input":{"@type":"PropertyValueSpecification","valueRequired":true,"valueName":"search_term_string"}}],"inLanguage":"en-US"},{"@type":"Person","@id":"https:\/\/www.primorski-tp.si\/en\/#\/schema\/person\/e685fc5c6d53bae43d65afa1a4d8d92c","name":"Marjana Sim\u010di\u010d","image":{"@type":"ImageObject","inLanguage":"en-US","@id":"https:\/\/www.primorski-tp.si\/en\/#\/schema\/person\/image\/","url":"https:\/\/secure.gravatar.com\/avatar\/3e48350d120a96cee4fd36a9be720b78?s=96&d=mm&r=g","contentUrl":"https:\/\/secure.gravatar.com\/avatar\/3e48350d120a96cee4fd36a9be720b78?s=96&d=mm&r=g","caption":"Marjana Sim\u010di\u010d"},"url":"https:\/\/www.primorski-tp.si\/en\/author\/marjana-simcic\/"}]}},"_links":{"self":[{"href":"https:\/\/www.primorski-tp.si\/en\/wp-json\/wp\/v2\/posts\/54401","targetHints":{"allow":["GET"]}}],"collection":[{"href":"https:\/\/www.primorski-tp.si\/en\/wp-json\/wp\/v2\/posts"}],"about":[{"href":"https:\/\/www.primorski-tp.si\/en\/wp-json\/wp\/v2\/types\/post"}],"author":[{"embeddable":true,"href":"https:\/\/www.primorski-tp.si\/en\/wp-json\/wp\/v2\/users\/7"}],"replies":[{"embeddable":true,"href":"https:\/\/www.primorski-tp.si\/en\/wp-json\/wp\/v2\/comments?post=54401"}],"version-history":[{"count":0,"href":"https:\/\/www.primorski-tp.si\/en\/wp-json\/wp\/v2\/posts\/54401\/revisions"}],"wp:featuredmedia":[{"embeddable":true,"href":"https:\/\/www.primorski-tp.si\/en\/wp-json\/wp\/v2\/media\/53319"}],"wp:attachment":[{"href":"https:\/\/www.primorski-tp.si\/en\/wp-json\/wp\/v2\/media?parent=54401"}],"wp:term":[{"taxonomy":"category","embeddable":true,"href":"https:\/\/www.primorski-tp.si\/en\/wp-json\/wp\/v2\/categories?post=54401"},{"taxonomy":"post_tag","embeddable":true,"href":"https:\/\/www.primorski-tp.si\/en\/wp-json\/wp\/v2\/tags?post=54401"}],"curies":[{"name":"wp","href":"https:\/\/api.w.org\/{rel}","templated":true}]}}